{"id":1,"date":"2025-09-09T16:49:46","date_gmt":"2025-09-09T19:49:46","guid":{"rendered":"https:\/\/ramitodelavanda.com.ar\/\/?p=1"},"modified":"2025-09-09T16:50:00","modified_gmt":"2025-09-09T19:50:00","slug":"hello-world","status":"publish","type":"post","link":"https:\/\/ramitodelavanda.com.ar\/?p=1","title":{"rendered":"Bienvenidos a Ramito de Lavanda"},"content":{"rendered":"\n<p><strong>Tejemos sue\u00f1os con hebras de amor y tradici\u00f3n.<\/strong><\/p>\n\n\n\n<p>En el coraz\u00f3n de cada puntada hay una historia de dedicaci\u00f3n y cari\u00f1o. En&nbsp;<strong>Ramito de Lavanda<\/strong>, no solo creamos tejidos; damos vida a prendas y accesorios \u00fanicos, impregnados de calidez y el aroma dulce de lo hecho a mano.<\/p>\n\n\n\n<p>Cada pieza es el resultado de horas de trabajo artesanal, seleccionando las mejores fibras y combinando colores que inspiran tranquilidad y alegr\u00eda. Aqu\u00ed encontrar\u00e1s piezas pensadas para acompa\u00f1arte en tu d\u00eda a d\u00eda, para convertir tu hogar en un refugio acogedor o para ese regalo especial que busca decir \u201cte tengo presente\u201d.<\/p>\n\n\n\n<p>Te invitamos a perderte entre nuestros&nbsp;<strong>ramitos<\/strong>&nbsp;de creaciones, a encontrar esa pieza que hable a tu coraz\u00f3n y a ser parte de nuestra historia.<\/p>\n\n\n\n<p><strong>Explora nuestros productos y deja que la magia hecha hilo te envuelva.<\/strong><\/p>\n","protected":false},"excerpt":{"rendered":"<p>Tejemos sue\u00f1os con hebras de amor y tradici\u00f3n. En el coraz\u00f3n de cada puntada hay una historia de dedicaci\u00f3n y cari\u00f1o. En&nbsp;Ramito de Lavanda, no solo creamos tejidos; damos vida a prendas y accesorios \u00fanicos, impregnados de calidez y el aroma dulce de lo hecho a mano. Cada pieza es el resultado de horas de trabajo artesanal, seleccionando las mejores fibras y combinando colores que inspiran tranquilidad y alegr\u00eda. Aqu\u00ed encontrar\u00e1s piezas pensadas para acompa\u00f1arte en tu d\u00eda a d\u00eda, para convertir tu hogar en un refugio acogedor o para ese regalo especial que busca decir \u201cte tengo presente\u201d. Te invitamos a perderte entre nuestros&nbsp;ramitos&nbsp;de creaciones, a encontrar esa pieza que hable a tu coraz\u00f3n y a ser parte de nuestra historia. Explora nuestros productos y deja que la magia hecha hilo te envuelva.<\/p>\n","protected":false},"author":1,"featured_media":6,"comment_status":"open","ping_status":"open","sticky":false,"template":"","format":"standard","meta":{"_jetpack_memberships_contains_paid_content":false,"footnotes":""},"categories":[1],"tags":[],"class_list":["post-1","post","type-post","status-publish","format-standard","has-post-thumbnail","hentry","category-institucional"],"jetpack_featured_media_url":"https:\/\/ramitodelavanda.com.ar\/wp-content\/uploads\/2025\/09\/Ramitos-de-lavanda.png","jetpack_sharing_enabled":true,"_links":{"self":[{"href":"https:\/\/ramitodelavanda.com.ar\/index.php?rest_route=\/wp\/v2\/posts\/1","targetHints":{"allow":["GET"]}}],"collection":[{"href":"https:\/\/ramitodelavanda.com.ar\/index.php?rest_route=\/wp\/v2\/posts"}],"about":[{"href":"https:\/\/ramitodelavanda.com.ar\/index.php?rest_route=\/wp\/v2\/types\/post"}],"author":[{"embeddable":true,"href":"https:\/\/ramitodelavanda.com.ar\/index.php?rest_route=\/wp\/v2\/users\/1"}],"replies":[{"embeddable":true,"href":"https:\/\/ramitodelavanda.com.ar\/index.php?rest_route=%2Fwp%2Fv2%2Fcomments&post=1"}],"version-history":[{"count":1,"href":"https:\/\/ramitodelavanda.com.ar\/index.php?rest_route=\/wp\/v2\/posts\/1\/revisions"}],"predecessor-version":[{"id":13,"href":"https:\/\/ramitodelavanda.com.ar\/index.php?rest_route=\/wp\/v2\/posts\/1\/revisions\/13"}],"wp:featuredmedia":[{"embeddable":true,"href":"https:\/\/ramitodelavanda.com.ar\/index.php?rest_route=\/wp\/v2\/media\/6"}],"wp:attachment":[{"href":"https:\/\/ramitodelavanda.com.ar\/index.php?rest_route=%2Fwp%2Fv2%2Fmedia&parent=1"}],"wp:term":[{"taxonomy":"category","embeddable":true,"href":"https:\/\/ramitodelavanda.com.ar\/index.php?rest_route=%2Fwp%2Fv2%2Fcategories&post=1"},{"taxonomy":"post_tag","embeddable":true,"href":"https:\/\/ramitodelavanda.com.ar\/index.php?rest_route=%2Fwp%2Fv2%2Ftags&post=1"}],"curies":[{"name":"wp","href":"https:\/\/api.w.org\/{rel}","templated":true}]}}